{"id":3086,"date":"2026-04-22T12:30:46","date_gmt":"2026-04-22T12:30:46","guid":{"rendered":"https:\/\/zsp-rojow.pl\/przedszkole\/?p=3086"},"modified":"2026-04-22T12:30:46","modified_gmt":"2026-04-22T12:30:46","slug":"wizyta-w-strazy-pozarnej","status":"publish","type":"post","link":"https:\/\/zsp-rojow.pl\/przedszkole\/wizyta-w-strazy-pozarnej\/","title":{"rendered":"Wizyta w Stra\u017cy Po\u017carnej"},"content":{"rendered":"\n<p>W miniony pi\u0105tek grupy \u201e\u015awierszczy\u201d <img loading=\"lazy\" decoding=\"async\" height=\"16\" width=\"16\" alt=\"\ud83e\udd97\" src=\"https:\/\/static.xx.fbcdn.net\/images\/emoji.php\/v9\/taf\/1\/16\/1f997.png\"> oraz \u201eMotyli\u201d <img loading=\"lazy\" decoding=\"async\" height=\"16\" width=\"16\" alt=\"\ud83e\udd8b\" src=\"https:\/\/static.xx.fbcdn.net\/images\/emoji.php\/v9\/tbb\/1\/16\/1f98b.png\"> mia\u0142y niezwyk\u0142\u0105 okazj\u0119 odwiedzi\u0107 Pa\u0144stwow\u0105 Stra\u017c Po\u017carn\u0105 w Ostrzeszowie <img loading=\"lazy\" decoding=\"async\" height=\"16\" width=\"16\" alt=\"\ud83d\ude92\" src=\"https:\/\/static.xx.fbcdn.net\/images\/emoji.php\/v9\/t67\/1\/16\/1f692.png\"><img loading=\"lazy\" decoding=\"async\" height=\"16\" width=\"16\" alt=\"\ud83d\udd25\" src=\"https:\/\/static.xx.fbcdn.net\/images\/emoji.php\/v9\/t50\/1\/16\/1f525.png\"><\/p>\n\n\n\n<p>Podczas wizyty dzieci mog\u0142y z bliska zobaczy\u0107 wozy stra\u017cackie, sprz\u0119t ratowniczy oraz dowiedzie\u0107 si\u0119, na czym polega trudna i odpowiedzialna praca stra\u017caka <img loading=\"lazy\" decoding=\"async\" height=\"16\" width=\"16\" alt=\"\ud83d\udc68\u200d\ud83d\ude92\" src=\"https:\/\/static.xx.fbcdn.net\/images\/emoji.php\/v9\/tf4\/1\/16\/1f468_200d_1f692.png\"><img loading=\"lazy\" decoding=\"async\" height=\"16\" width=\"16\" alt=\"\ud83d\udc69\u200d\ud83d\ude92\" src=\"https:\/\/static.xx.fbcdn.net\/images\/emoji.php\/v9\/td3\/1\/16\/1f469_200d_1f692.png\">. To by\u0142o pe\u0142ne emocji i wra\u017ce\u0144 spotkanie! <img loading=\"lazy\" decoding=\"async\" height=\"16\" width=\"16\" alt=\"\ud83d\ude0d\" src=\"https:\/\/static.xx.fbcdn.net\/images\/emoji.php\/v9\/t2\/1\/16\/1f60d.png\"><\/p>\n\n\n\n<p>Z kolei w poniedzia\u0142ek stra\u017cacy odwiedzili nasze przedszkole, aby przybli\u017cy\u0107 sw\u00f3j zaw\u00f3d m\u0142odszym grupom \u2013 \u201eBiedronkom\u201d <img loading=\"lazy\" decoding=\"async\" height=\"16\" width=\"16\" alt=\"\ud83d\udc1e\" src=\"https:\/\/static.xx.fbcdn.net\/images\/emoji.php\/v9\/ta0\/1\/16\/1f41e.png\"> oraz \u201ePszcz\u00f3\u0142kom\u201d <img loading=\"lazy\" decoding=\"async\" height=\"16\" width=\"16\" alt=\"\ud83d\udc1d\" src=\"https:\/\/static.xx.fbcdn.net\/images\/emoji.php\/v9\/t1f\/1\/16\/1f41d.png\">. Dzieci z ogromnym zainteresowaniem s\u0142ucha\u0142y opowie\u015bci, zadawa\u0142y pytania i mog\u0142y zobaczy\u0107 specjalistyczny sprz\u0119t z bliska <img loading=\"lazy\" decoding=\"async\" height=\"16\" width=\"16\" alt=\"\ud83d\udd0d\" src=\"https:\/\/static.xx.fbcdn.net\/images\/emoji.php\/v9\/tc1\/1\/16\/1f50d.png\"><img loading=\"lazy\" decoding=\"async\" height=\"16\" width=\"16\" alt=\"\u2728\" src=\"https:\/\/static.xx.fbcdn.net\/images\/emoji.php\/v9\/tf4\/1\/16\/2728.png\"><\/p>\n\n\n\n<p>Serdecznie dzi\u0119kujemy stra\u017cakom za po\u015bwi\u0119cony czas, cenne lekcje oraz niezapomniane prze\u017cycia <img loading=\"lazy\" decoding=\"async\" height=\"16\" width=\"16\" alt=\"\u2764\ufe0f\" src=\"https:\/\/static.xx.fbcdn.net\/images\/emoji.php\/v9\/t6c\/1\/16\/2764.png\"><img loading=\"lazy\" decoding=\"async\" height=\"16\" width=\"16\" alt=\"\ud83d\udc4f\" src=\"https:\/\/static.xx.fbcdn.net\/images\/emoji.php\/v9\/tfe\/1\/16\/1f44f.png\"><\/p>\n\n\n\n<p>To by\u0142y dni pe\u0142ne wiedzy, rado\u015bci i inspiracji! <img loading=\"lazy\" decoding=\"async\" height=\"16\" width=\"16\" alt=\"\ud83c\udf1f\" src=\"https:\/\/static.xx.fbcdn.net\/images\/emoji.php\/v9\/te0\/1\/16\/1f31f.png\"><\/p>\n\n\n\n<figure class=\"wp-block-gallery has-nested-images columns-default is-cropped wp-block-gallery-1 is-layout-flex wp-block-gallery-is-layout-flex\">\n<figure class=\"wp-block-image size-large\"><img loading=\"lazy\" decoding=\"async\" width=\"1024\" height=\"768\" data-id=\"3087\" src=\"https:\/\/zsp-rojow.pl\/przedszkole\/wp-content\/uploads\/2026\/04\/672687306_1532558522000834_83163029163979346_n-1024x768.jpg\" alt=\"\" class=\"wp-image-3087\" srcset=\"https:\/\/zsp-rojow.pl\/przedszkole\/wp-content\/uploads\/2026\/04\/672687306_1532558522000834_83163029163979346_n-1024x768.jpg 1024w, https:\/\/zsp-rojow.pl\/przedszkole\/wp-content\/uploads\/2026\/04\/672687306_1532558522000834_83163029163979346_n-300x225.jpg 300w, https:\/\/zsp-rojow.pl\/przedszkole\/wp-content\/uploads\/2026\/04\/672687306_1532558522000834_83163029163979346_n-768x576.jpg 768w, https:\/\/zsp-rojow.pl\/przedszkole\/wp-content\/uploads\/2026\/04\/672687306_1532558522000834_83163029163979346_n-1536x1152.jpg 1536w, https:\/\/zsp-rojow.pl\/przedszkole\/wp-content\/uploads\/2026\/04\/672687306_1532558522000834_83163029163979346_n.jpg 2048w\" sizes=\"auto, (max-width: 1024px) 100vw, 1024px\" \/><\/figure>\n\n\n\n<figure class=\"wp-block-image size-large\"><img loading=\"lazy\" decoding=\"async\" width=\"768\" height=\"1024\" data-id=\"3088\" src=\"https:\/\/zsp-rojow.pl\/przedszkole\/wp-content\/uploads\/2026\/04\/676290465_1532558542000832_4503158041257626222_n-768x1024.jpg\" alt=\"\" class=\"wp-image-3088\" srcset=\"https:\/\/zsp-rojow.pl\/przedszkole\/wp-content\/uploads\/2026\/04\/676290465_1532558542000832_4503158041257626222_n-768x1024.jpg 768w, https:\/\/zsp-rojow.pl\/przedszkole\/wp-content\/uploads\/2026\/04\/676290465_1532558542000832_4503158041257626222_n-225x300.jpg 225w, https:\/\/zsp-rojow.pl\/przedszkole\/wp-content\/uploads\/2026\/04\/676290465_1532558542000832_4503158041257626222_n-1152x1536.jpg 1152w, https:\/\/zsp-rojow.pl\/przedszkole\/wp-content\/uploads\/2026\/04\/676290465_1532558542000832_4503158041257626222_n.jpg 1536w\" sizes=\"auto, (max-width: 768px) 100vw, 768px\" \/><\/figure>\n\n\n\n<figure class=\"wp-block-image size-large\"><img loading=\"lazy\" decoding=\"async\" width=\"768\" height=\"1024\" data-id=\"3089\" src=\"https:\/\/zsp-rojow.pl\/przedszkole\/wp-content\/uploads\/2026\/04\/672687280_1532558535334166_745730698106863786_n-768x1024.jpg\" alt=\"\" class=\"wp-image-3089\" srcset=\"https:\/\/zsp-rojow.pl\/przedszkole\/wp-content\/uploads\/2026\/04\/672687280_1532558535334166_745730698106863786_n-768x1024.jpg 768w, https:\/\/zsp-rojow.pl\/przedszkole\/wp-content\/uploads\/2026\/04\/672687280_1532558535334166_745730698106863786_n-225x300.jpg 225w, https:\/\/zsp-rojow.pl\/przedszkole\/wp-content\/uploads\/2026\/04\/672687280_1532558535334166_745730698106863786_n-1152x1536.jpg 1152w, https:\/\/zsp-rojow.pl\/przedszkole\/wp-content\/uploads\/2026\/04\/672687280_1532558535334166_745730698106863786_n.jpg 1536w\" sizes=\"auto, (max-width: 768px) 100vw, 768px\" \/><\/figure>\n\n\n\n<figure class=\"wp-block-image size-large\"><img loading=\"lazy\" decoding=\"async\" width=\"768\" height=\"1024\" data-id=\"3090\" src=\"https:\/\/zsp-rojow.pl\/przedszkole\/wp-content\/uploads\/2026\/04\/676822862_1532558502000836_3156923231553800253_n-768x1024.jpg\" alt=\"\" class=\"wp-image-3090\" srcset=\"https:\/\/zsp-rojow.pl\/przedszkole\/wp-content\/uploads\/2026\/04\/676822862_1532558502000836_3156923231553800253_n-768x1024.jpg 768w, https:\/\/zsp-rojow.pl\/przedszkole\/wp-content\/uploads\/2026\/04\/676822862_1532558502000836_3156923231553800253_n-225x300.jpg 225w, https:\/\/zsp-rojow.pl\/przedszkole\/wp-content\/uploads\/2026\/04\/676822862_1532558502000836_3156923231553800253_n-1152x1536.jpg 1152w, https:\/\/zsp-rojow.pl\/przedszkole\/wp-content\/uploads\/2026\/04\/676822862_1532558502000836_3156923231553800253_n.jpg 1536w\" sizes=\"auto, (max-width: 768px) 100vw, 768px\" \/><\/figure>\n\n\n\n<figure class=\"wp-block-image size-large\"><img loading=\"lazy\" decoding=\"async\" width=\"768\" height=\"1024\" data-id=\"3091\" src=\"https:\/\/zsp-rojow.pl\/przedszkole\/wp-content\/uploads\/2026\/04\/678979193_1532558468667506_2633158541607008531_n-768x1024.jpg\" alt=\"\" class=\"wp-image-3091\" srcset=\"https:\/\/zsp-rojow.pl\/przedszkole\/wp-content\/uploads\/2026\/04\/678979193_1532558468667506_2633158541607008531_n-768x1024.jpg 768w, https:\/\/zsp-rojow.pl\/przedszkole\/wp-content\/uploads\/2026\/04\/678979193_1532558468667506_2633158541607008531_n-225x300.jpg 225w, https:\/\/zsp-rojow.pl\/przedszkole\/wp-content\/uploads\/2026\/04\/678979193_1532558468667506_2633158541607008531_n-1152x1536.jpg 1152w, https:\/\/zsp-rojow.pl\/przedszkole\/wp-content\/uploads\/2026\/04\/678979193_1532558468667506_2633158541607008531_n.jpg 1536w\" sizes=\"auto, (max-width: 768px) 100vw, 768px\" \/><\/figure>\n\n\n\n<figure class=\"wp-block-image size-large\"><img loading=\"lazy\" decoding=\"async\" width=\"768\" height=\"1024\" data-id=\"3092\" src=\"https:\/\/zsp-rojow.pl\/przedszkole\/wp-content\/uploads\/2026\/04\/675116166_1532558562000830_1199555175774487014_n-768x1024.jpg\" alt=\"\" class=\"wp-image-3092\" srcset=\"https:\/\/zsp-rojow.pl\/przedszkole\/wp-content\/uploads\/2026\/04\/675116166_1532558562000830_1199555175774487014_n-768x1024.jpg 768w, https:\/\/zsp-rojow.pl\/przedszkole\/wp-content\/uploads\/2026\/04\/675116166_1532558562000830_1199555175774487014_n-225x300.jpg 225w, https:\/\/zsp-rojow.pl\/przedszkole\/wp-content\/uploads\/2026\/04\/675116166_1532558562000830_1199555175774487014_n-1152x1536.jpg 1152w, https:\/\/zsp-rojow.pl\/przedszkole\/wp-content\/uploads\/2026\/04\/675116166_1532558562000830_1199555175774487014_n.jpg 1536w\" sizes=\"auto, (max-width: 768px) 100vw, 768px\" \/><\/figure>\n\n\n\n<figure class=\"wp-block-image size-large\"><img loading=\"lazy\" decoding=\"async\" width=\"1024\" height=\"768\" data-id=\"3093\" src=\"https:\/\/zsp-rojow.pl\/przedszkole\/wp-content\/uploads\/2026\/04\/675934612_1532558458667507_4541843619532086728_n-1024x768.jpg\" alt=\"\" class=\"wp-image-3093\" srcset=\"https:\/\/zsp-rojow.pl\/przedszkole\/wp-content\/uploads\/2026\/04\/675934612_1532558458667507_4541843619532086728_n-1024x768.jpg 1024w, https:\/\/zsp-rojow.pl\/przedszkole\/wp-content\/uploads\/2026\/04\/675934612_1532558458667507_4541843619532086728_n-300x225.jpg 300w, https:\/\/zsp-rojow.pl\/przedszkole\/wp-content\/uploads\/2026\/04\/675934612_1532558458667507_4541843619532086728_n-768x576.jpg 768w, https:\/\/zsp-rojow.pl\/przedszkole\/wp-content\/uploads\/2026\/04\/675934612_1532558458667507_4541843619532086728_n-1536x1152.jpg 1536w, https:\/\/zsp-rojow.pl\/przedszkole\/wp-content\/uploads\/2026\/04\/675934612_1532558458667507_4541843619532086728_n.jpg 2048w\" sizes=\"auto, (max-width: 1024px) 100vw, 1024px\" \/><\/figure>\n\n\n\n<figure class=\"wp-block-image size-large\"><img loading=\"lazy\" decoding=\"async\" width=\"1024\" height=\"768\" data-id=\"3094\" src=\"https:\/\/zsp-rojow.pl\/przedszkole\/wp-content\/uploads\/2026\/04\/674944012_1532558488667504_2535507954204278873_n-1024x768.jpg\" alt=\"\" class=\"wp-image-3094\" srcset=\"https:\/\/zsp-rojow.pl\/przedszkole\/wp-content\/uploads\/2026\/04\/674944012_1532558488667504_2535507954204278873_n-1024x768.jpg 1024w, https:\/\/zsp-rojow.pl\/przedszkole\/wp-content\/uploads\/2026\/04\/674944012_1532558488667504_2535507954204278873_n-300x225.jpg 300w, https:\/\/zsp-rojow.pl\/przedszkole\/wp-content\/uploads\/2026\/04\/674944012_1532558488667504_2535507954204278873_n-768x576.jpg 768w, https:\/\/zsp-rojow.pl\/przedszkole\/wp-content\/uploads\/2026\/04\/674944012_1532558488667504_2535507954204278873_n-1536x1152.jpg 1536w, https:\/\/zsp-rojow.pl\/przedszkole\/wp-content\/uploads\/2026\/04\/674944012_1532558488667504_2535507954204278873_n.jpg 2048w\" sizes=\"auto, (max-width: 1024px) 100vw, 1024px\" \/><\/figure>\n\n\n\n<figure class=\"wp-block-image size-large\"><img loading=\"lazy\" decoding=\"async\" width=\"1024\" height=\"768\" data-id=\"3095\" src=\"https:\/\/zsp-rojow.pl\/przedszkole\/wp-content\/uploads\/2026\/04\/676290465_1532558422000844_4864398352061807092_n-1024x768.jpg\" alt=\"\" class=\"wp-image-3095\" srcset=\"https:\/\/zsp-rojow.pl\/przedszkole\/wp-content\/uploads\/2026\/04\/676290465_1532558422000844_4864398352061807092_n-1024x768.jpg 1024w, https:\/\/zsp-rojow.pl\/przedszkole\/wp-content\/uploads\/2026\/04\/676290465_1532558422000844_4864398352061807092_n-300x225.jpg 300w, https:\/\/zsp-rojow.pl\/przedszkole\/wp-content\/uploads\/2026\/04\/676290465_1532558422000844_4864398352061807092_n-768x576.jpg 768w, https:\/\/zsp-rojow.pl\/przedszkole\/wp-content\/uploads\/2026\/04\/676290465_1532558422000844_4864398352061807092_n-1536x1152.jpg 1536w, https:\/\/zsp-rojow.pl\/przedszkole\/wp-content\/uploads\/2026\/04\/676290465_1532558422000844_4864398352061807092_n.jpg 2048w\" sizes=\"auto, (max-width: 1024px) 100vw, 1024px\" \/><\/figure>\n\n\n\n<figure class=\"wp-block-image size-large\"><img loading=\"lazy\" decoding=\"async\" width=\"1024\" height=\"768\" data-id=\"3096\" src=\"https:\/\/zsp-rojow.pl\/przedszkole\/wp-content\/uploads\/2026\/04\/676890969_1532558408667512_4497862927704822570_n-1024x768.jpg\" alt=\"\" class=\"wp-image-3096\" srcset=\"https:\/\/zsp-rojow.pl\/przedszkole\/wp-content\/uploads\/2026\/04\/676890969_1532558408667512_4497862927704822570_n-1024x768.jpg 1024w, https:\/\/zsp-rojow.pl\/przedszkole\/wp-content\/uploads\/2026\/04\/676890969_1532558408667512_4497862927704822570_n-300x225.jpg 300w, https:\/\/zsp-rojow.pl\/przedszkole\/wp-content\/uploads\/2026\/04\/676890969_1532558408667512_4497862927704822570_n-768x576.jpg 768w, https:\/\/zsp-rojow.pl\/przedszkole\/wp-content\/uploads\/2026\/04\/676890969_1532558408667512_4497862927704822570_n-1536x1152.jpg 1536w, https:\/\/zsp-rojow.pl\/przedszkole\/wp-content\/uploads\/2026\/04\/676890969_1532558408667512_4497862927704822570_n.jpg 1600w\" sizes=\"auto, (max-width: 1024px) 100vw, 1024px\" \/><\/figure>\n<\/figure>\n","protected":false},"excerpt":{"rendered":"<p>W miniony pi\u0105tek grupy \u201e\u015awierszczy\u201d oraz \u201eMotyli\u201d mia\u0142y niezwyk\u0142\u0105 okazj\u0119 odwiedzi\u0107 Pa\u0144stwow\u0105 Stra\u017c Po\u017carn\u0105 w Ostrzeszowie Podczas wizyty dzieci mog\u0142y z bliska zobaczy\u0107 wozy stra\u017cackie, sprz\u0119t ratowniczy oraz dowiedzie\u0107 si\u0119, na czym polega trudna i odpowiedzialna praca stra\u017caka . To by\u0142o pe\u0142ne emocji i wra\u017ce\u0144 spotkanie! Z kolei w poniedzia\u0142ek stra\u017cacy odwiedzili nasze przedszkole, aby [&hellip;]<\/p>\n","protected":false},"author":4,"featured_media":3096,"comment_status":"open","ping_status":"open","sticky":false,"template":"","format":"standard","meta":{"footnotes":""},"categories":[1],"tags":[],"class_list":["post-3086","post","type-post","status-publish","format-standard","has-post-thumbnail","hentry","category-uncategorized"],"_links":{"self":[{"href":"https:\/\/zsp-rojow.pl\/przedszkole\/wp-json\/wp\/v2\/posts\/3086","targetHints":{"allow":["GET"]}}],"collection":[{"href":"https:\/\/zsp-rojow.pl\/przedszkole\/wp-json\/wp\/v2\/posts"}],"about":[{"href":"https:\/\/zsp-rojow.pl\/przedszkole\/wp-json\/wp\/v2\/types\/post"}],"author":[{"embeddable":true,"href":"https:\/\/zsp-rojow.pl\/przedszkole\/wp-json\/wp\/v2\/users\/4"}],"replies":[{"embeddable":true,"href":"https:\/\/zsp-rojow.pl\/przedszkole\/wp-json\/wp\/v2\/comments?post=3086"}],"version-history":[{"count":1,"href":"https:\/\/zsp-rojow.pl\/przedszkole\/wp-json\/wp\/v2\/posts\/3086\/revisions"}],"predecessor-version":[{"id":3097,"href":"https:\/\/zsp-rojow.pl\/przedszkole\/wp-json\/wp\/v2\/posts\/3086\/revisions\/3097"}],"wp:featuredmedia":[{"embeddable":true,"href":"https:\/\/zsp-rojow.pl\/przedszkole\/wp-json\/wp\/v2\/media\/3096"}],"wp:attachment":[{"href":"https:\/\/zsp-rojow.pl\/przedszkole\/wp-json\/wp\/v2\/media?parent=3086"}],"wp:term":[{"taxonomy":"category","embeddable":true,"href":"https:\/\/zsp-rojow.pl\/przedszkole\/wp-json\/wp\/v2\/categories?post=3086"},{"taxonomy":"post_tag","embeddable":true,"href":"https:\/\/zsp-rojow.pl\/przedszkole\/wp-json\/wp\/v2\/tags?post=3086"}],"curies":[{"name":"wp","href":"https:\/\/api.w.org\/{rel}","templated":true}]}}