{"id":3074,"date":"2026-04-22T06:49:35","date_gmt":"2026-04-22T06:49:35","guid":{"rendered":"https:\/\/zsp-rojow.pl\/przedszkole\/?p=3074"},"modified":"2026-04-22T06:49:35","modified_gmt":"2026-04-22T06:49:35","slug":"powiatowy-konkurs-piosenki-przedszkolnej","status":"publish","type":"post","link":"https:\/\/zsp-rojow.pl\/przedszkole\/powiatowy-konkurs-piosenki-przedszkolnej\/","title":{"rendered":"Powiatowy konkurs piosenki przedszkolnej"},"content":{"rendered":"\n<p>10 kwietnia Laura mia\u0142a zaszczyt reprezentowa\u0107 nasze przedszkole podczas Powiatowego Konkursu Piosenki Przedszkolnej <img loading=\"lazy\" decoding=\"async\" height=\"16\" width=\"16\" src=\"https:\/\/static.xx.fbcdn.net\/images\/emoji.php\/v9\/t9e\/1\/16\/1f3b5.png\" alt=\"\ud83c\udfb5\"><img loading=\"lazy\" decoding=\"async\" height=\"16\" width=\"16\" src=\"https:\/\/static.xx.fbcdn.net\/images\/emoji.php\/v9\/t7e\/1\/16\/1f3a4.png\" alt=\"\ud83c\udfa4\"><\/p>\n\n\n\n<p>Z ogromn\u0105 rado\u015bci\u0105 i dum\u0105 dzielimy si\u0119 t\u0105 chwil\u0105 \u2013 jej wyst\u0119p by\u0142 pe\u0142en zaanga\u017cowania, odwagi i dzieci\u0119cej rado\u015bci, kt\u00f3re poruszy\u0142y wszystkich obecnych <img loading=\"lazy\" decoding=\"async\" height=\"16\" width=\"16\" alt=\"\ud83c\udf38\" src=\"https:\/\/static.xx.fbcdn.net\/images\/emoji.php\/v9\/tf0\/1\/16\/1f338.png\"><img loading=\"lazy\" decoding=\"async\" height=\"16\" width=\"16\" alt=\"\u2764\ufe0f\" src=\"https:\/\/static.xx.fbcdn.net\/images\/emoji.php\/v9\/t6c\/1\/16\/2764.png\"><\/p>\n\n\n\n<p>Laura zaprezentowa\u0142a si\u0119 przepi\u0119knie, wk\u0142adaj\u0105c w sw\u00f3j wyst\u0119p ca\u0142e serce. To dla nas wielka duma widzie\u0107, jak nasze przedszkolaki rozwijaj\u0105 swoje talenty i z tak\u0105 pewno\u015bci\u0105 siebie staj\u0105 na scenie.<\/p>\n\n\n\n<p>Serdecznie gratulujemy Laurze wspania\u0142ego wyst\u0119pu <img loading=\"lazy\" decoding=\"async\" height=\"16\" width=\"16\" alt=\"\ud83d\udc4f\" src=\"https:\/\/static.xx.fbcdn.net\/images\/emoji.php\/v9\/tfe\/1\/16\/1f44f.png\"> Jeste\u015bmy z Ciebie bardzo dumni! <img loading=\"lazy\" decoding=\"async\" height=\"16\" width=\"16\" alt=\"\ud83d\udc96\" src=\"https:\/\/static.xx.fbcdn.net\/images\/emoji.php\/v9\/te9\/1\/16\/1f496.png\"><\/p>\n\n\n\n<blockquote class=\"wp-block-quote is-layout-flow wp-block-quote-is-layout-flow\">\n<p><\/p>\n<\/blockquote>\n\n\n\n<figure class=\"wp-block-gallery has-nested-images columns-default is-cropped wp-block-gallery-1 is-layout-flex wp-block-gallery-is-layout-flex\">\n<figure class=\"wp-block-image size-large\"><img loading=\"lazy\" decoding=\"async\" width=\"1024\" height=\"768\" data-id=\"3075\" src=\"https:\/\/zsp-rojow.pl\/przedszkole\/wp-content\/uploads\/2026\/04\/669303454_1522964872960199_2914263384494955997_n-1024x768.jpg\" alt=\"\" class=\"wp-image-3075\" srcset=\"https:\/\/zsp-rojow.pl\/przedszkole\/wp-content\/uploads\/2026\/04\/669303454_1522964872960199_2914263384494955997_n-1024x768.jpg 1024w, https:\/\/zsp-rojow.pl\/przedszkole\/wp-content\/uploads\/2026\/04\/669303454_1522964872960199_2914263384494955997_n-300x225.jpg 300w, https:\/\/zsp-rojow.pl\/przedszkole\/wp-content\/uploads\/2026\/04\/669303454_1522964872960199_2914263384494955997_n-768x576.jpg 768w, https:\/\/zsp-rojow.pl\/przedszkole\/wp-content\/uploads\/2026\/04\/669303454_1522964872960199_2914263384494955997_n-1536x1152.jpg 1536w, https:\/\/zsp-rojow.pl\/przedszkole\/wp-content\/uploads\/2026\/04\/669303454_1522964872960199_2914263384494955997_n.jpg 2048w\" sizes=\"auto, (max-width: 1024px) 100vw, 1024px\" \/><\/figure>\n\n\n\n<figure class=\"wp-block-image size-large\"><img loading=\"lazy\" decoding=\"async\" width=\"768\" height=\"1024\" data-id=\"3076\" src=\"https:\/\/zsp-rojow.pl\/przedszkole\/wp-content\/uploads\/2026\/04\/668487815_1522964849626868_5552191199509917674_n-768x1024.jpg\" alt=\"\" class=\"wp-image-3076\" srcset=\"https:\/\/zsp-rojow.pl\/przedszkole\/wp-content\/uploads\/2026\/04\/668487815_1522964849626868_5552191199509917674_n-768x1024.jpg 768w, https:\/\/zsp-rojow.pl\/przedszkole\/wp-content\/uploads\/2026\/04\/668487815_1522964849626868_5552191199509917674_n-225x300.jpg 225w, https:\/\/zsp-rojow.pl\/przedszkole\/wp-content\/uploads\/2026\/04\/668487815_1522964849626868_5552191199509917674_n-1152x1536.jpg 1152w, https:\/\/zsp-rojow.pl\/przedszkole\/wp-content\/uploads\/2026\/04\/668487815_1522964849626868_5552191199509917674_n.jpg 1536w\" sizes=\"auto, (max-width: 768px) 100vw, 768px\" \/><\/figure>\n\n\n\n<figure class=\"wp-block-image size-large\"><img loading=\"lazy\" decoding=\"async\" width=\"768\" height=\"1024\" data-id=\"3077\" src=\"https:\/\/zsp-rojow.pl\/przedszkole\/wp-content\/uploads\/2026\/04\/670838557_1522964926293527_2643502508907125333_n-768x1024.jpg\" alt=\"\" class=\"wp-image-3077\" srcset=\"https:\/\/zsp-rojow.pl\/przedszkole\/wp-content\/uploads\/2026\/04\/670838557_1522964926293527_2643502508907125333_n-768x1024.jpg 768w, https:\/\/zsp-rojow.pl\/przedszkole\/wp-content\/uploads\/2026\/04\/670838557_1522964926293527_2643502508907125333_n-225x300.jpg 225w, https:\/\/zsp-rojow.pl\/przedszkole\/wp-content\/uploads\/2026\/04\/670838557_1522964926293527_2643502508907125333_n-1152x1536.jpg 1152w, https:\/\/zsp-rojow.pl\/przedszkole\/wp-content\/uploads\/2026\/04\/670838557_1522964926293527_2643502508907125333_n.jpg 1536w\" sizes=\"auto, (max-width: 768px) 100vw, 768px\" \/><\/figure>\n\n\n\n<figure class=\"wp-block-image size-large\"><img loading=\"lazy\" decoding=\"async\" width=\"1024\" height=\"768\" data-id=\"3078\" src=\"https:\/\/zsp-rojow.pl\/przedszkole\/wp-content\/uploads\/2026\/04\/668134403_1522964892960197_1371144941777078038_n-1024x768.jpg\" alt=\"\" class=\"wp-image-3078\" srcset=\"https:\/\/zsp-rojow.pl\/przedszkole\/wp-content\/uploads\/2026\/04\/668134403_1522964892960197_1371144941777078038_n-1024x768.jpg 1024w, https:\/\/zsp-rojow.pl\/przedszkole\/wp-content\/uploads\/2026\/04\/668134403_1522964892960197_1371144941777078038_n-300x225.jpg 300w, https:\/\/zsp-rojow.pl\/przedszkole\/wp-content\/uploads\/2026\/04\/668134403_1522964892960197_1371144941777078038_n-768x576.jpg 768w, https:\/\/zsp-rojow.pl\/przedszkole\/wp-content\/uploads\/2026\/04\/668134403_1522964892960197_1371144941777078038_n-1536x1152.jpg 1536w, https:\/\/zsp-rojow.pl\/przedszkole\/wp-content\/uploads\/2026\/04\/668134403_1522964892960197_1371144941777078038_n.jpg 2048w\" sizes=\"auto, (max-width: 1024px) 100vw, 1024px\" \/><\/figure>\n\n\n\n<figure class=\"wp-block-image size-large\"><img loading=\"lazy\" decoding=\"async\" width=\"768\" height=\"1024\" data-id=\"3079\" src=\"https:\/\/zsp-rojow.pl\/przedszkole\/wp-content\/uploads\/2026\/04\/668730440_1522964649626888_5794787615316686165_n-768x1024.jpg\" alt=\"\" class=\"wp-image-3079\" srcset=\"https:\/\/zsp-rojow.pl\/przedszkole\/wp-content\/uploads\/2026\/04\/668730440_1522964649626888_5794787615316686165_n-768x1024.jpg 768w, https:\/\/zsp-rojow.pl\/przedszkole\/wp-content\/uploads\/2026\/04\/668730440_1522964649626888_5794787615316686165_n-225x300.jpg 225w, https:\/\/zsp-rojow.pl\/przedszkole\/wp-content\/uploads\/2026\/04\/668730440_1522964649626888_5794787615316686165_n-1152x1536.jpg 1152w, https:\/\/zsp-rojow.pl\/przedszkole\/wp-content\/uploads\/2026\/04\/668730440_1522964649626888_5794787615316686165_n.jpg 1536w\" sizes=\"auto, (max-width: 768px) 100vw, 768px\" \/><\/figure>\n<\/figure>\n","protected":false},"excerpt":{"rendered":"<p>10 kwietnia Laura mia\u0142a zaszczyt reprezentowa\u0107 nasze przedszkole podczas Powiatowego Konkursu Piosenki Przedszkolnej Z ogromn\u0105 rado\u015bci\u0105 i dum\u0105 dzielimy si\u0119 t\u0105 chwil\u0105 \u2013 jej wyst\u0119p by\u0142 pe\u0142en zaanga\u017cowania, odwagi i dzieci\u0119cej rado\u015bci, kt\u00f3re poruszy\u0142y wszystkich obecnych Laura zaprezentowa\u0142a si\u0119 przepi\u0119knie, wk\u0142adaj\u0105c w sw\u00f3j wyst\u0119p ca\u0142e serce. To dla nas wielka duma widzie\u0107, jak nasze przedszkolaki [&hellip;]<\/p>\n","protected":false},"author":4,"featured_media":3075,"comment_status":"open","ping_status":"open","sticky":false,"template":"","format":"standard","meta":{"footnotes":""},"categories":[1],"tags":[],"class_list":["post-3074","post","type-post","status-publish","format-standard","has-post-thumbnail","hentry","category-uncategorized"],"_links":{"self":[{"href":"https:\/\/zsp-rojow.pl\/przedszkole\/wp-json\/wp\/v2\/posts\/3074","targetHints":{"allow":["GET"]}}],"collection":[{"href":"https:\/\/zsp-rojow.pl\/przedszkole\/wp-json\/wp\/v2\/posts"}],"about":[{"href":"https:\/\/zsp-rojow.pl\/przedszkole\/wp-json\/wp\/v2\/types\/post"}],"author":[{"embeddable":true,"href":"https:\/\/zsp-rojow.pl\/przedszkole\/wp-json\/wp\/v2\/users\/4"}],"replies":[{"embeddable":true,"href":"https:\/\/zsp-rojow.pl\/przedszkole\/wp-json\/wp\/v2\/comments?post=3074"}],"version-history":[{"count":1,"href":"https:\/\/zsp-rojow.pl\/przedszkole\/wp-json\/wp\/v2\/posts\/3074\/revisions"}],"predecessor-version":[{"id":3080,"href":"https:\/\/zsp-rojow.pl\/przedszkole\/wp-json\/wp\/v2\/posts\/3074\/revisions\/3080"}],"wp:featuredmedia":[{"embeddable":true,"href":"https:\/\/zsp-rojow.pl\/przedszkole\/wp-json\/wp\/v2\/media\/3075"}],"wp:attachment":[{"href":"https:\/\/zsp-rojow.pl\/przedszkole\/wp-json\/wp\/v2\/media?parent=3074"}],"wp:term":[{"taxonomy":"category","embeddable":true,"href":"https:\/\/zsp-rojow.pl\/przedszkole\/wp-json\/wp\/v2\/categories?post=3074"},{"taxonomy":"post_tag","embeddable":true,"href":"https:\/\/zsp-rojow.pl\/przedszkole\/wp-json\/wp\/v2\/tags?post=3074"}],"curies":[{"name":"wp","href":"https:\/\/api.w.org\/{rel}","templated":true}]}}