{"id":3065,"date":"2026-04-22T06:41:16","date_gmt":"2026-04-22T06:41:16","guid":{"rendered":"https:\/\/zsp-rojow.pl\/przedszkole\/?p=3065"},"modified":"2026-04-22T06:41:49","modified_gmt":"2026-04-22T06:41:49","slug":"konkurs-recytatorski-wiosna","status":"publish","type":"post","link":"https:\/\/zsp-rojow.pl\/przedszkole\/konkurs-recytatorski-wiosna\/","title":{"rendered":"Konkurs recytatorski &#8222;Wiosna&#8221;"},"content":{"rendered":"\n<p>10 kwietnia mieli\u015bmy przyjemno\u015b\u0107 uczestniczy\u0107 w powiatowym konkursie recytatorskim \u201eWiosna\u201d, zorganizowanym przez Przedszkole nr 6 im. Misia Uszatka w Ostrzeszowie. <img loading=\"lazy\" decoding=\"async\" height=\"16\" width=\"16\" src=\"https:\/\/static.xx.fbcdn.net\/images\/emoji.php\/v9\/tf0\/1\/16\/1f338.png\" alt=\"\ud83c\udf38\"><\/p>\n\n\n\n<p>Nasze przedszkole dumnie reprezentowa\u0142a dw\u00f3jka dzieci z grupy \u201eBiedronek\u201d \u2013 Marcelinka oraz Konrad. By\u0142 to ich pierwszy wyst\u0119p poza murami naszego przedszkola, co z pewno\u015bci\u0105 wi\u0105za\u0142o si\u0119 z du\u017cymi emocjami.<\/p>\n\n\n\n<p>Nasi mali arty\u015bci poradzili sobie znakomicie! Z ogromnym zaanga\u017cowaniem i odwag\u0105 zaprezentowali swoje utwory, zdobywaj\u0105c uznanie publiczno\u015bci i jury. <img loading=\"lazy\" decoding=\"async\" height=\"16\" width=\"16\" alt=\"\ud83d\udc4f\" src=\"https:\/\/static.xx.fbcdn.net\/images\/emoji.php\/v9\/tfe\/1\/16\/1f44f.png\"><\/p>\n\n\n\n<p>Jeste\u015bmy bardzo dumni z ich wyst\u0119pu i gratulujemy odwagi oraz pi\u0119knej recytacji! <img loading=\"lazy\" decoding=\"async\" height=\"16\" width=\"16\" alt=\"\ud83d\udc90\" src=\"https:\/\/static.xx.fbcdn.net\/images\/emoji.php\/v9\/te3\/1\/16\/1f490.png\"><\/p>\n\n\n\n<figure class=\"wp-block-gallery has-nested-images columns-default is-cropped wp-block-gallery-1 is-layout-flex wp-block-gallery-is-layout-flex\">\n<figure class=\"wp-block-image size-large\"><img loading=\"lazy\" decoding=\"async\" width=\"1024\" height=\"768\" data-id=\"3066\" src=\"https:\/\/zsp-rojow.pl\/przedszkole\/wp-content\/uploads\/2026\/04\/668296516_1522945492962137_4089941728903879084_n-1024x768.jpg\" alt=\"\" class=\"wp-image-3066\" srcset=\"https:\/\/zsp-rojow.pl\/przedszkole\/wp-content\/uploads\/2026\/04\/668296516_1522945492962137_4089941728903879084_n-1024x768.jpg 1024w, https:\/\/zsp-rojow.pl\/przedszkole\/wp-content\/uploads\/2026\/04\/668296516_1522945492962137_4089941728903879084_n-300x225.jpg 300w, https:\/\/zsp-rojow.pl\/przedszkole\/wp-content\/uploads\/2026\/04\/668296516_1522945492962137_4089941728903879084_n-768x576.jpg 768w, https:\/\/zsp-rojow.pl\/przedszkole\/wp-content\/uploads\/2026\/04\/668296516_1522945492962137_4089941728903879084_n-1536x1152.jpg 1536w, https:\/\/zsp-rojow.pl\/przedszkole\/wp-content\/uploads\/2026\/04\/668296516_1522945492962137_4089941728903879084_n.jpg 2048w\" sizes=\"auto, (max-width: 1024px) 100vw, 1024px\" \/><\/figure>\n\n\n\n<figure class=\"wp-block-image size-large\"><img loading=\"lazy\" decoding=\"async\" width=\"768\" height=\"1024\" data-id=\"3067\" src=\"https:\/\/zsp-rojow.pl\/przedszkole\/wp-content\/uploads\/2026\/04\/668916784_1522945462962140_8283754094892853873_n-768x1024.jpg\" alt=\"\" class=\"wp-image-3067\" srcset=\"https:\/\/zsp-rojow.pl\/przedszkole\/wp-content\/uploads\/2026\/04\/668916784_1522945462962140_8283754094892853873_n-768x1024.jpg 768w, https:\/\/zsp-rojow.pl\/przedszkole\/wp-content\/uploads\/2026\/04\/668916784_1522945462962140_8283754094892853873_n-225x300.jpg 225w, https:\/\/zsp-rojow.pl\/przedszkole\/wp-content\/uploads\/2026\/04\/668916784_1522945462962140_8283754094892853873_n-1152x1536.jpg 1152w, https:\/\/zsp-rojow.pl\/przedszkole\/wp-content\/uploads\/2026\/04\/668916784_1522945462962140_8283754094892853873_n.jpg 1536w\" sizes=\"auto, (max-width: 768px) 100vw, 768px\" \/><\/figure>\n\n\n\n<figure class=\"wp-block-image size-large\"><img loading=\"lazy\" decoding=\"async\" width=\"768\" height=\"1024\" data-id=\"3068\" src=\"https:\/\/zsp-rojow.pl\/przedszkole\/wp-content\/uploads\/2026\/04\/668914814_1522945752962111_4130193098147487130_n-768x1024.jpg\" alt=\"\" class=\"wp-image-3068\" srcset=\"https:\/\/zsp-rojow.pl\/przedszkole\/wp-content\/uploads\/2026\/04\/668914814_1522945752962111_4130193098147487130_n-768x1024.jpg 768w, https:\/\/zsp-rojow.pl\/przedszkole\/wp-content\/uploads\/2026\/04\/668914814_1522945752962111_4130193098147487130_n-225x300.jpg 225w, https:\/\/zsp-rojow.pl\/przedszkole\/wp-content\/uploads\/2026\/04\/668914814_1522945752962111_4130193098147487130_n-1152x1536.jpg 1152w, https:\/\/zsp-rojow.pl\/przedszkole\/wp-content\/uploads\/2026\/04\/668914814_1522945752962111_4130193098147487130_n.jpg 1536w\" sizes=\"auto, (max-width: 768px) 100vw, 768px\" \/><\/figure>\n\n\n\n<figure class=\"wp-block-image size-large\"><img loading=\"lazy\" decoding=\"async\" width=\"768\" height=\"1024\" data-id=\"3069\" src=\"https:\/\/zsp-rojow.pl\/przedszkole\/wp-content\/uploads\/2026\/04\/668117851_1522945476295472_7053228904506372712_n-768x1024.jpg\" alt=\"\" class=\"wp-image-3069\" srcset=\"https:\/\/zsp-rojow.pl\/przedszkole\/wp-content\/uploads\/2026\/04\/668117851_1522945476295472_7053228904506372712_n-768x1024.jpg 768w, https:\/\/zsp-rojow.pl\/przedszkole\/wp-content\/uploads\/2026\/04\/668117851_1522945476295472_7053228904506372712_n-225x300.jpg 225w, https:\/\/zsp-rojow.pl\/przedszkole\/wp-content\/uploads\/2026\/04\/668117851_1522945476295472_7053228904506372712_n-1152x1536.jpg 1152w, https:\/\/zsp-rojow.pl\/przedszkole\/wp-content\/uploads\/2026\/04\/668117851_1522945476295472_7053228904506372712_n.jpg 1536w\" sizes=\"auto, (max-width: 768px) 100vw, 768px\" \/><\/figure>\n\n\n\n<figure class=\"wp-block-image size-large\"><img loading=\"lazy\" decoding=\"async\" width=\"768\" height=\"1024\" data-id=\"3070\" src=\"https:\/\/zsp-rojow.pl\/przedszkole\/wp-content\/uploads\/2026\/04\/670453426_1522945589628794_3605290119382347782_n-768x1024.jpg\" alt=\"\" class=\"wp-image-3070\" srcset=\"https:\/\/zsp-rojow.pl\/przedszkole\/wp-content\/uploads\/2026\/04\/670453426_1522945589628794_3605290119382347782_n-768x1024.jpg 768w, https:\/\/zsp-rojow.pl\/przedszkole\/wp-content\/uploads\/2026\/04\/670453426_1522945589628794_3605290119382347782_n-225x300.jpg 225w, https:\/\/zsp-rojow.pl\/przedszkole\/wp-content\/uploads\/2026\/04\/670453426_1522945589628794_3605290119382347782_n-1152x1536.jpg 1152w, https:\/\/zsp-rojow.pl\/przedszkole\/wp-content\/uploads\/2026\/04\/670453426_1522945589628794_3605290119382347782_n.jpg 1536w\" sizes=\"auto, (max-width: 768px) 100vw, 768px\" \/><\/figure>\n\n\n\n<figure class=\"wp-block-image size-large\"><img loading=\"lazy\" decoding=\"async\" width=\"768\" height=\"1024\" data-id=\"3071\" src=\"https:\/\/zsp-rojow.pl\/przedszkole\/wp-content\/uploads\/2026\/04\/669507604_1522945429628810_7035143863563529667_n-768x1024.jpg\" alt=\"\" class=\"wp-image-3071\" srcset=\"https:\/\/zsp-rojow.pl\/przedszkole\/wp-content\/uploads\/2026\/04\/669507604_1522945429628810_7035143863563529667_n-768x1024.jpg 768w, https:\/\/zsp-rojow.pl\/przedszkole\/wp-content\/uploads\/2026\/04\/669507604_1522945429628810_7035143863563529667_n-225x300.jpg 225w, https:\/\/zsp-rojow.pl\/przedszkole\/wp-content\/uploads\/2026\/04\/669507604_1522945429628810_7035143863563529667_n-1152x1536.jpg 1152w, https:\/\/zsp-rojow.pl\/przedszkole\/wp-content\/uploads\/2026\/04\/669507604_1522945429628810_7035143863563529667_n.jpg 1536w\" sizes=\"auto, (max-width: 768px) 100vw, 768px\" \/><\/figure>\n<\/figure>\n","protected":false},"excerpt":{"rendered":"<p>10 kwietnia mieli\u015bmy przyjemno\u015b\u0107 uczestniczy\u0107 w powiatowym konkursie recytatorskim \u201eWiosna\u201d, zorganizowanym przez Przedszkole nr 6 im. Misia Uszatka w Ostrzeszowie. Nasze przedszkole dumnie reprezentowa\u0142a dw\u00f3jka dzieci z grupy \u201eBiedronek\u201d \u2013 Marcelinka oraz Konrad. By\u0142 to ich pierwszy wyst\u0119p poza murami naszego przedszkola, co z pewno\u015bci\u0105 wi\u0105za\u0142o si\u0119 z du\u017cymi emocjami. Nasi mali arty\u015bci poradzili sobie [&hellip;]<\/p>\n","protected":false},"author":4,"featured_media":3071,"comment_status":"open","ping_status":"open","sticky":false,"template":"","format":"standard","meta":{"footnotes":""},"categories":[1],"tags":[],"class_list":["post-3065","post","type-post","status-publish","format-standard","has-post-thumbnail","hentry","category-uncategorized"],"_links":{"self":[{"href":"https:\/\/zsp-rojow.pl\/przedszkole\/wp-json\/wp\/v2\/posts\/3065","targetHints":{"allow":["GET"]}}],"collection":[{"href":"https:\/\/zsp-rojow.pl\/przedszkole\/wp-json\/wp\/v2\/posts"}],"about":[{"href":"https:\/\/zsp-rojow.pl\/przedszkole\/wp-json\/wp\/v2\/types\/post"}],"author":[{"embeddable":true,"href":"https:\/\/zsp-rojow.pl\/przedszkole\/wp-json\/wp\/v2\/users\/4"}],"replies":[{"embeddable":true,"href":"https:\/\/zsp-rojow.pl\/przedszkole\/wp-json\/wp\/v2\/comments?post=3065"}],"version-history":[{"count":2,"href":"https:\/\/zsp-rojow.pl\/przedszkole\/wp-json\/wp\/v2\/posts\/3065\/revisions"}],"predecessor-version":[{"id":3073,"href":"https:\/\/zsp-rojow.pl\/przedszkole\/wp-json\/wp\/v2\/posts\/3065\/revisions\/3073"}],"wp:featuredmedia":[{"embeddable":true,"href":"https:\/\/zsp-rojow.pl\/przedszkole\/wp-json\/wp\/v2\/media\/3071"}],"wp:attachment":[{"href":"https:\/\/zsp-rojow.pl\/przedszkole\/wp-json\/wp\/v2\/media?parent=3065"}],"wp:term":[{"taxonomy":"category","embeddable":true,"href":"https:\/\/zsp-rojow.pl\/przedszkole\/wp-json\/wp\/v2\/categories?post=3065"},{"taxonomy":"post_tag","embeddable":true,"href":"https:\/\/zsp-rojow.pl\/przedszkole\/wp-json\/wp\/v2\/tags?post=3065"}],"curies":[{"name":"wp","href":"https:\/\/api.w.org\/{rel}","templated":true}]}}