{"id":2829,"date":"2026-03-02T10:35:05","date_gmt":"2026-03-02T10:35:05","guid":{"rendered":"https:\/\/zsp-rojow.pl\/przedszkole\/?p=2829"},"modified":"2026-03-02T10:35:05","modified_gmt":"2026-03-02T10:35:05","slug":"dzien-dinozaura-3","status":"publish","type":"post","link":"https:\/\/zsp-rojow.pl\/przedszkole\/dzien-dinozaura-3\/","title":{"rendered":"Dzie\u0144 Dinozaura"},"content":{"rendered":"\n<p><img loading=\"lazy\" decoding=\"async\" height=\"16\" width=\"16\" alt=\"\ud83e\udd95\" src=\"https:\/\/static.xx.fbcdn.net\/images\/emoji.php\/v9\/tad\/1\/16\/1f995.png\"><img loading=\"lazy\" decoding=\"async\" height=\"16\" width=\"16\" alt=\"\ud83e\udd96\" src=\"https:\/\/static.xx.fbcdn.net\/images\/emoji.php\/v9\/t2e\/1\/16\/1f996.png\"> Dzie\u0144 Dinozaura w naszym przedszkolu! <img loading=\"lazy\" decoding=\"async\" height=\"16\" width=\"16\" alt=\"\ud83e\udd96\" src=\"https:\/\/static.xx.fbcdn.net\/images\/emoji.php\/v9\/t2e\/1\/16\/1f996.png\"><img loading=\"lazy\" decoding=\"async\" height=\"16\" width=\"16\" alt=\"\ud83e\udd95\" src=\"https:\/\/static.xx.fbcdn.net\/images\/emoji.php\/v9\/tad\/1\/16\/1f995.png\"><\/p>\n\n\n\n<p>26 lutego podczas ferii zimowych up\u0142yn\u0105\u0142 nam pod znakiem prehistorycznych przyg\u00f3d! Z okazji Dnia Dinozaura nasze przedszkolaki przenios\u0142y si\u0119 w fascynuj\u0105cy \u015bwiat sprzed milion\u00f3w lat. <img loading=\"lazy\" decoding=\"async\" height=\"16\" width=\"16\" src=\"https:\/\/static.xx.fbcdn.net\/images\/emoji.php\/v9\/t3d\/1\/16\/1f30b.png\" alt=\"\ud83c\udf0b\"><\/p>\n\n\n\n<p>Dzieci z wielkim zaanga\u017cowaniem przygotowa\u0142y kolorowe opaski na g\u0142ow\u0119 z motywem dinozaur\u00f3w \u2013 kreatywno\u015bci i pomys\u0142\u00f3w nie brakowa\u0142o! Ka\u017cdy m\u00f3g\u0142 poczu\u0107 si\u0119 jak prawdziwy ma\u0142y odkrywca lub\u2026 gro\u017any T-Rex! <img loading=\"lazy\" decoding=\"async\" height=\"16\" width=\"16\" alt=\"\ud83e\udd95\" src=\"https:\/\/static.xx.fbcdn.net\/images\/emoji.php\/v9\/tad\/1\/16\/1f995.png\"><\/p>\n\n\n\n<p>Obejrzeli\u015bmy r\u00f3wnie\u017c film edukacyjny o dinozaurach, dzi\u0119ki kt\u00f3remu dowiedzieli\u015bmy si\u0119 wielu ciekawostek o tych niezwyk\u0142ych gadach \u2013 jak wygl\u0105da\u0142y, czym si\u0119 \u017cywi\u0142y i dlaczego wygin\u0119\u0142y.<\/p>\n\n\n\n<p>Nie zabrak\u0142o tak\u017ce radosnych zabaw i dinozaurowych aktywno\u015bci na auli \u2013 by\u0142o du\u017co ruchu, \u015bmiechu i wsp\u00f3lnej zabawy! <img loading=\"lazy\" decoding=\"async\" height=\"16\" width=\"16\" alt=\"\ud83c\udf89\" src=\"https:\/\/static.xx.fbcdn.net\/images\/emoji.php\/v9\/t8c\/1\/16\/1f389.png\"><\/p>\n\n\n\n<p>To by\u0142 dzie\u0144 pe\u0142en wra\u017ce\u0144, kt\u00f3ry na d\u0142ugo zostanie w naszej pami\u0119ci. Dzi\u0119kujemy naszym ma\u0142ym paleontologom za wspania\u0142\u0105 energi\u0119 i zaanga\u017cowanie! <img loading=\"lazy\" decoding=\"async\" height=\"16\" width=\"16\" alt=\"\ud83d\udc9a\" src=\"https:\/\/static.xx.fbcdn.net\/images\/emoji.php\/v9\/t94\/1\/16\/1f49a.png\"><\/p>\n\n\n\n<figure class=\"wp-block-gallery has-nested-images columns-default is-cropped wp-block-gallery-1 is-layout-flex wp-block-gallery-is-layout-flex\">\n<figure class=\"wp-block-image size-large\"><img loading=\"lazy\" decoding=\"async\" width=\"1024\" height=\"768\" data-id=\"2831\" src=\"https:\/\/zsp-rojow.pl\/przedszkole\/wp-content\/uploads\/2026\/03\/642364826_1486565669933453_8799633335198330383_n-1024x768.jpg\" alt=\"\" class=\"wp-image-2831\" srcset=\"https:\/\/zsp-rojow.pl\/przedszkole\/wp-content\/uploads\/2026\/03\/642364826_1486565669933453_8799633335198330383_n-1024x768.jpg 1024w, https:\/\/zsp-rojow.pl\/przedszkole\/wp-content\/uploads\/2026\/03\/642364826_1486565669933453_8799633335198330383_n-300x225.jpg 300w, https:\/\/zsp-rojow.pl\/przedszkole\/wp-content\/uploads\/2026\/03\/642364826_1486565669933453_8799633335198330383_n-768x576.jpg 768w, https:\/\/zsp-rojow.pl\/przedszkole\/wp-content\/uploads\/2026\/03\/642364826_1486565669933453_8799633335198330383_n-1536x1152.jpg 1536w, https:\/\/zsp-rojow.pl\/przedszkole\/wp-content\/uploads\/2026\/03\/642364826_1486565669933453_8799633335198330383_n.jpg 2048w\" sizes=\"auto, (max-width: 1024px) 100vw, 1024px\" \/><\/figure>\n\n\n\n<figure class=\"wp-block-image size-large\"><img loading=\"lazy\" decoding=\"async\" width=\"1024\" height=\"768\" data-id=\"2832\" src=\"https:\/\/zsp-rojow.pl\/przedszkole\/wp-content\/uploads\/2026\/03\/642360009_1486565753266778_4128678253679960028_n-1024x768.jpg\" alt=\"\" class=\"wp-image-2832\" srcset=\"https:\/\/zsp-rojow.pl\/przedszkole\/wp-content\/uploads\/2026\/03\/642360009_1486565753266778_4128678253679960028_n-1024x768.jpg 1024w, https:\/\/zsp-rojow.pl\/przedszkole\/wp-content\/uploads\/2026\/03\/642360009_1486565753266778_4128678253679960028_n-300x225.jpg 300w, https:\/\/zsp-rojow.pl\/przedszkole\/wp-content\/uploads\/2026\/03\/642360009_1486565753266778_4128678253679960028_n-768x576.jpg 768w, https:\/\/zsp-rojow.pl\/przedszkole\/wp-content\/uploads\/2026\/03\/642360009_1486565753266778_4128678253679960028_n-1536x1152.jpg 1536w, https:\/\/zsp-rojow.pl\/przedszkole\/wp-content\/uploads\/2026\/03\/642360009_1486565753266778_4128678253679960028_n.jpg 2048w\" sizes=\"auto, (max-width: 1024px) 100vw, 1024px\" \/><\/figure>\n\n\n\n<figure class=\"wp-block-image size-large\"><img loading=\"lazy\" decoding=\"async\" width=\"1024\" height=\"768\" data-id=\"2833\" src=\"https:\/\/zsp-rojow.pl\/przedszkole\/wp-content\/uploads\/2026\/03\/643694315_1486565743266779_3270768687441522392_n-1024x768.jpg\" alt=\"\" class=\"wp-image-2833\" srcset=\"https:\/\/zsp-rojow.pl\/przedszkole\/wp-content\/uploads\/2026\/03\/643694315_1486565743266779_3270768687441522392_n-1024x768.jpg 1024w, https:\/\/zsp-rojow.pl\/przedszkole\/wp-content\/uploads\/2026\/03\/643694315_1486565743266779_3270768687441522392_n-300x225.jpg 300w, https:\/\/zsp-rojow.pl\/przedszkole\/wp-content\/uploads\/2026\/03\/643694315_1486565743266779_3270768687441522392_n-768x576.jpg 768w, https:\/\/zsp-rojow.pl\/przedszkole\/wp-content\/uploads\/2026\/03\/643694315_1486565743266779_3270768687441522392_n-1536x1152.jpg 1536w, https:\/\/zsp-rojow.pl\/przedszkole\/wp-content\/uploads\/2026\/03\/643694315_1486565743266779_3270768687441522392_n.jpg 2048w\" sizes=\"auto, (max-width: 1024px) 100vw, 1024px\" \/><\/figure>\n\n\n\n<figure class=\"wp-block-image size-large\"><img loading=\"lazy\" decoding=\"async\" width=\"768\" height=\"1024\" data-id=\"2834\" src=\"https:\/\/zsp-rojow.pl\/przedszkole\/wp-content\/uploads\/2026\/03\/642712299_1486565693266784_5849200568719237481_n-768x1024.jpg\" alt=\"\" class=\"wp-image-2834\" srcset=\"https:\/\/zsp-rojow.pl\/przedszkole\/wp-content\/uploads\/2026\/03\/642712299_1486565693266784_5849200568719237481_n-768x1024.jpg 768w, https:\/\/zsp-rojow.pl\/przedszkole\/wp-content\/uploads\/2026\/03\/642712299_1486565693266784_5849200568719237481_n-225x300.jpg 225w, https:\/\/zsp-rojow.pl\/przedszkole\/wp-content\/uploads\/2026\/03\/642712299_1486565693266784_5849200568719237481_n-1152x1536.jpg 1152w, https:\/\/zsp-rojow.pl\/przedszkole\/wp-content\/uploads\/2026\/03\/642712299_1486565693266784_5849200568719237481_n.jpg 1536w\" sizes=\"auto, (max-width: 768px) 100vw, 768px\" \/><\/figure>\n\n\n\n<figure class=\"wp-block-image size-large\"><img loading=\"lazy\" decoding=\"async\" width=\"1024\" height=\"768\" data-id=\"2835\" src=\"https:\/\/zsp-rojow.pl\/przedszkole\/wp-content\/uploads\/2026\/03\/641665148_1486565806600106_381273155041845204_n-1024x768.jpg\" alt=\"\" class=\"wp-image-2835\" srcset=\"https:\/\/zsp-rojow.pl\/przedszkole\/wp-content\/uploads\/2026\/03\/641665148_1486565806600106_381273155041845204_n-1024x768.jpg 1024w, https:\/\/zsp-rojow.pl\/przedszkole\/wp-content\/uploads\/2026\/03\/641665148_1486565806600106_381273155041845204_n-300x225.jpg 300w, https:\/\/zsp-rojow.pl\/przedszkole\/wp-content\/uploads\/2026\/03\/641665148_1486565806600106_381273155041845204_n-768x576.jpg 768w, https:\/\/zsp-rojow.pl\/przedszkole\/wp-content\/uploads\/2026\/03\/641665148_1486565806600106_381273155041845204_n-1536x1152.jpg 1536w, https:\/\/zsp-rojow.pl\/przedszkole\/wp-content\/uploads\/2026\/03\/641665148_1486565806600106_381273155041845204_n.jpg 2048w\" sizes=\"auto, (max-width: 1024px) 100vw, 1024px\" \/><\/figure>\n\n\n\n<figure class=\"wp-block-image size-large\"><img loading=\"lazy\" decoding=\"async\" width=\"1024\" height=\"768\" data-id=\"2836\" src=\"https:\/\/zsp-rojow.pl\/przedszkole\/wp-content\/uploads\/2026\/03\/643007352_1486565646600122_3418653806472316196_n-1024x768.jpg\" alt=\"\" class=\"wp-image-2836\" srcset=\"https:\/\/zsp-rojow.pl\/przedszkole\/wp-content\/uploads\/2026\/03\/643007352_1486565646600122_3418653806472316196_n-1024x768.jpg 1024w, https:\/\/zsp-rojow.pl\/przedszkole\/wp-content\/uploads\/2026\/03\/643007352_1486565646600122_3418653806472316196_n-300x225.jpg 300w, https:\/\/zsp-rojow.pl\/przedszkole\/wp-content\/uploads\/2026\/03\/643007352_1486565646600122_3418653806472316196_n-768x576.jpg 768w, https:\/\/zsp-rojow.pl\/przedszkole\/wp-content\/uploads\/2026\/03\/643007352_1486565646600122_3418653806472316196_n-1536x1152.jpg 1536w, https:\/\/zsp-rojow.pl\/przedszkole\/wp-content\/uploads\/2026\/03\/643007352_1486565646600122_3418653806472316196_n.jpg 2048w\" sizes=\"auto, (max-width: 1024px) 100vw, 1024px\" \/><\/figure>\n<\/figure>\n\n\n\n<p><\/p>\n","protected":false},"excerpt":{"rendered":"<p>Dzie\u0144 Dinozaura w naszym przedszkolu! 26 lutego podczas ferii zimowych up\u0142yn\u0105\u0142 nam pod znakiem prehistorycznych przyg\u00f3d! Z okazji Dnia Dinozaura nasze przedszkolaki przenios\u0142y si\u0119 w fascynuj\u0105cy \u015bwiat sprzed milion\u00f3w lat. Dzieci z wielkim zaanga\u017cowaniem przygotowa\u0142y kolorowe opaski na g\u0142ow\u0119 z motywem dinozaur\u00f3w \u2013 kreatywno\u015bci i pomys\u0142\u00f3w nie brakowa\u0142o! Ka\u017cdy m\u00f3g\u0142 poczu\u0107 si\u0119 jak prawdziwy ma\u0142y [&hellip;]<\/p>\n","protected":false},"author":4,"featured_media":2830,"comment_status":"open","ping_status":"open","sticky":false,"template":"","format":"standard","meta":{"footnotes":""},"categories":[1],"tags":[],"class_list":["post-2829","post","type-post","status-publish","format-standard","has-post-thumbnail","hentry","category-uncategorized"],"_links":{"self":[{"href":"https:\/\/zsp-rojow.pl\/przedszkole\/wp-json\/wp\/v2\/posts\/2829","targetHints":{"allow":["GET"]}}],"collection":[{"href":"https:\/\/zsp-rojow.pl\/przedszkole\/wp-json\/wp\/v2\/posts"}],"about":[{"href":"https:\/\/zsp-rojow.pl\/przedszkole\/wp-json\/wp\/v2\/types\/post"}],"author":[{"embeddable":true,"href":"https:\/\/zsp-rojow.pl\/przedszkole\/wp-json\/wp\/v2\/users\/4"}],"replies":[{"embeddable":true,"href":"https:\/\/zsp-rojow.pl\/przedszkole\/wp-json\/wp\/v2\/comments?post=2829"}],"version-history":[{"count":1,"href":"https:\/\/zsp-rojow.pl\/przedszkole\/wp-json\/wp\/v2\/posts\/2829\/revisions"}],"predecessor-version":[{"id":2837,"href":"https:\/\/zsp-rojow.pl\/przedszkole\/wp-json\/wp\/v2\/posts\/2829\/revisions\/2837"}],"wp:featuredmedia":[{"embeddable":true,"href":"https:\/\/zsp-rojow.pl\/przedszkole\/wp-json\/wp\/v2\/media\/2830"}],"wp:attachment":[{"href":"https:\/\/zsp-rojow.pl\/przedszkole\/wp-json\/wp\/v2\/media?parent=2829"}],"wp:term":[{"taxonomy":"category","embeddable":true,"href":"https:\/\/zsp-rojow.pl\/przedszkole\/wp-json\/wp\/v2\/categories?post=2829"},{"taxonomy":"post_tag","embeddable":true,"href":"https:\/\/zsp-rojow.pl\/przedszkole\/wp-json\/wp\/v2\/tags?post=2829"}],"curies":[{"name":"wp","href":"https:\/\/api.w.org\/{rel}","templated":true}]}}