{"id":1246,"date":"2023-06-12T08:09:58","date_gmt":"2023-06-12T08:09:58","guid":{"rendered":"http:\/\/localhost\/przedszkole\/?p=1246"},"modified":"2023-06-12T08:09:58","modified_gmt":"2023-06-12T08:09:58","slug":"xix-olimpiada-jezykowa-bajkowe-zabawy-ze-slowem","status":"publish","type":"post","link":"https:\/\/zsp-rojow.pl\/przedszkole\/xix-olimpiada-jezykowa-bajkowe-zabawy-ze-slowem\/","title":{"rendered":"XIX Olimpiada J\u0119zykowa &#8222;Bajkowe zabawy ze s\u0142owem&#8221;"},"content":{"rendered":"\n<p>Og\u0142aszamy, i\u017c zostali\u015bmy laureatami tegorocznej edycji XIX Olimpiady J\u0119zykowej dla Dzieci Przedszkolnych i Szkolnych &#8222;Bajkowe zabawy ze s\u0142owem&#8221;. Has\u0142em spotkania by\u0142o &#8222;Jana Brzechwy wiersze znamy, wi\u0119c do poznania przyg\u00f3d Pana Kleksa Was jeszcze zapraszamy&#8221;. Ogromnie si\u0119 cieszymy i serdecznie dzi\u0119kujemy organizatorom: Przedszkole nr 1 Bajkowa Jedyneczka oraz Szko\u0142a Podstawowa im. Kornela Makuszewskiego w Nied\u017awiedziu, a tak\u017ce pani Bo\u017cenie Dittfeld za ogromne wsparcie, dobre s\u0142owo oraz docenienie naszej pracy!<\/p>\n\n\n\n<figure class=\"wp-block-gallery has-nested-images columns-default is-cropped wp-block-gallery-1 is-layout-flex wp-block-gallery-is-layout-flex\">\n<figure class=\"wp-block-image size-large\"><img loading=\"lazy\" decoding=\"async\" width=\"750\" height=\"1000\" data-id=\"1247\" src=\"http:\/\/localhost\/przedszkole\/wp-content\/uploads\/2023\/06\/kleks2.jpg\" alt=\"\" class=\"wp-image-1247\" srcset=\"https:\/\/zsp-rojow.pl\/przedszkole\/wp-content\/uploads\/2023\/06\/kleks2.jpg 750w, https:\/\/zsp-rojow.pl\/przedszkole\/wp-content\/uploads\/2023\/06\/kleks2-225x300.jpg 225w\" sizes=\"auto, (max-width: 750px) 100vw, 750px\" \/><\/figure>\n\n\n\n<figure class=\"wp-block-image size-large\"><img loading=\"lazy\" decoding=\"async\" width=\"158\" height=\"280\" data-id=\"1248\" src=\"http:\/\/localhost\/przedszkole\/wp-content\/uploads\/2023\/06\/kleks-\u2014-kopia-2.jpg\" alt=\"\" class=\"wp-image-1248\"\/><\/figure>\n<\/figure>\n\n\n\n<figure class=\"wp-block-image size-full\"><img loading=\"lazy\" decoding=\"async\" width=\"155\" height=\"206\" src=\"http:\/\/localhost\/przedszkole\/wp-content\/uploads\/2023\/06\/teodor.jpg\" alt=\"\" class=\"wp-image-1249\"\/><\/figure>\n","protected":false},"excerpt":{"rendered":"<p>Og\u0142aszamy, i\u017c zostali\u015bmy laureatami tegorocznej edycji XIX Olimpiady J\u0119zykowej dla Dzieci Przedszkolnych i Szkolnych &#8222;Bajkowe zabawy ze s\u0142owem&#8221;. Has\u0142em spotkania by\u0142o &#8222;Jana Brzechwy wiersze znamy, wi\u0119c do poznania przyg\u00f3d Pana Kleksa Was jeszcze zapraszamy&#8221;. Ogromnie si\u0119 cieszymy i serdecznie dzi\u0119kujemy organizatorom: Przedszkole nr 1 Bajkowa Jedyneczka oraz Szko\u0142a Podstawowa im. Kornela Makuszewskiego w Nied\u017awiedziu, a [&hellip;]<\/p>\n","protected":false},"author":4,"featured_media":0,"comment_status":"open","ping_status":"open","sticky":false,"template":"","format":"standard","meta":{"footnotes":""},"categories":[1],"tags":[],"class_list":["post-1246","post","type-post","status-publish","format-standard","hentry","category-uncategorized"],"_links":{"self":[{"href":"https:\/\/zsp-rojow.pl\/przedszkole\/wp-json\/wp\/v2\/posts\/1246","targetHints":{"allow":["GET"]}}],"collection":[{"href":"https:\/\/zsp-rojow.pl\/przedszkole\/wp-json\/wp\/v2\/posts"}],"about":[{"href":"https:\/\/zsp-rojow.pl\/przedszkole\/wp-json\/wp\/v2\/types\/post"}],"author":[{"embeddable":true,"href":"https:\/\/zsp-rojow.pl\/przedszkole\/wp-json\/wp\/v2\/users\/4"}],"replies":[{"embeddable":true,"href":"https:\/\/zsp-rojow.pl\/przedszkole\/wp-json\/wp\/v2\/comments?post=1246"}],"version-history":[{"count":1,"href":"https:\/\/zsp-rojow.pl\/przedszkole\/wp-json\/wp\/v2\/posts\/1246\/revisions"}],"predecessor-version":[{"id":1250,"href":"https:\/\/zsp-rojow.pl\/przedszkole\/wp-json\/wp\/v2\/posts\/1246\/revisions\/1250"}],"wp:attachment":[{"href":"https:\/\/zsp-rojow.pl\/przedszkole\/wp-json\/wp\/v2\/media?parent=1246"}],"wp:term":[{"taxonomy":"category","embeddable":true,"href":"https:\/\/zsp-rojow.pl\/przedszkole\/wp-json\/wp\/v2\/categories?post=1246"},{"taxonomy":"post_tag","embeddable":true,"href":"https:\/\/zsp-rojow.pl\/przedszkole\/wp-json\/wp\/v2\/tags?post=1246"}],"curies":[{"name":"wp","href":"https:\/\/api.w.org\/{rel}","templated":true}]}}